{"id":2042,"date":"2022-06-20T10:59:44","date_gmt":"2022-06-20T10:59:44","guid":{"rendered":"https:\/\/www.inetcc.com\/?p=2042"},"modified":"2023-06-19T09:32:07","modified_gmt":"2023-06-19T09:32:07","slug":"gba-european-african-middle-east-summit-15-juni-2022","status":"publish","type":"post","link":"https:\/\/www.inetcc.com\/de\/gba-european-african-middle-east-summit-15-juni-2022\/","title":{"rendered":"GBA European \u2013 African \u2013 Middle East Summit, 15. Juni 2022"},"content":{"rendered":"\n<p>GBA- Global BPO Alliance veranstaltete am 15. Juni 2022 den ersten europ\u00e4isch-afrikanisch-nah\u00f6stlichen Gipfel in Mailand im B\u00fcro der INGO Group in Mailand.<\/p>\n\n\n\n<p>Alle Partner konnten nicht nur ihre Dienstleistungen vorstellen, sondern auch \u00fcber die Strategie und Organisation von GBA diskutieren.<\/p>\n\n\n\n<p>&#8222;Im Namen von GBA m\u00f6chte ich allen Teilnehmern danken: Anela Pasalic und Damir Drasko aus Bosnien, Mohamed M.Eissa und Mohamed Eissa aus \u00c4gypten, Nigel Kentish aus Bulgarien, Ertigen Zoga aus Albanien, Vincent Vanden Bossche aus Luxemburg, Vitul Kwatra aus Dubai und dem gesamten INGO-Team f\u00fcr die perfekte Organisation der Veranstaltung: Marco Durante, CEO, Marco Cecere und Dario Panzeri.<\/p>\n\n\n\n<p>Ich m\u00f6chte die Professionalit\u00e4t unserer Mitglieder betonen, die ihr Know-how und ihre Erfahrung geteilt haben. Dies war nicht nur ein produktives Treffen, sondern auch eine angenehme gemeinsame Zeit.<\/p>\n\n\n\n<p>Wir freuen uns, uns im Dezember 2022 wieder zu treffen.&#8220;<\/p>\n\n\n\n<p>Denis Guittet \u2013 CEO von GBA<\/p>\n","protected":false},"excerpt":{"rendered":"<p>GBA- Global BPO Alliance veranstaltete am 15. Juni 2022 den ersten europ\u00e4isch-afrikanisch-nah\u00f6stlichen Gipfel in Mailand im B\u00fcro der INGO Group in Mailand. Alle Partner konnten nicht nur ihre Dienstleistungen vorstellen, sondern auch \u00fcber die Strategie und Organisation von GBA diskutieren. &#8222;Im Namen von GBA m\u00f6chte ich allen Teilnehmern danken: Anela Pasalic und Damir Drasko aus [&hellip;]<\/p>\n","protected":false},"author":2,"featured_media":1644,"comment_status":"open","ping_status":"open","sticky":false,"template":"","format":"standard","meta":{"_acf_changed":false,"footnotes":""},"categories":[23],"tags":[],"class_list":["post-2042","post","type-post","status-publish","format-standard","has-post-thumbnail","hentry","category-inetcc"],"acf":[],"_links":{"self":[{"href":"https:\/\/www.inetcc.com\/de\/wp-json\/wp\/v2\/posts\/2042","targetHints":{"allow":["GET"]}}],"collection":[{"href":"https:\/\/www.inetcc.com\/de\/wp-json\/wp\/v2\/posts"}],"about":[{"href":"https:\/\/www.inetcc.com\/de\/wp-json\/wp\/v2\/types\/post"}],"author":[{"embeddable":true,"href":"https:\/\/www.inetcc.com\/de\/wp-json\/wp\/v2\/users\/2"}],"replies":[{"embeddable":true,"href":"https:\/\/www.inetcc.com\/de\/wp-json\/wp\/v2\/comments?post=2042"}],"version-history":[{"count":1,"href":"https:\/\/www.inetcc.com\/de\/wp-json\/wp\/v2\/posts\/2042\/revisions"}],"predecessor-version":[{"id":2043,"href":"https:\/\/www.inetcc.com\/de\/wp-json\/wp\/v2\/posts\/2042\/revisions\/2043"}],"wp:featuredmedia":[{"embeddable":true,"href":"https:\/\/www.inetcc.com\/de\/wp-json\/wp\/v2\/media\/1644"}],"wp:attachment":[{"href":"https:\/\/www.inetcc.com\/de\/wp-json\/wp\/v2\/media?parent=2042"}],"wp:term":[{"taxonomy":"category","embeddable":true,"href":"https:\/\/www.inetcc.com\/de\/wp-json\/wp\/v2\/categories?post=2042"},{"taxonomy":"post_tag","embeddable":true,"href":"https:\/\/www.inetcc.com\/de\/wp-json\/wp\/v2\/tags?post=2042"}],"curies":[{"name":"wp","href":"https:\/\/api.w.org\/{rel}","templated":true}]}}